{"id":1752,"date":"2026-09-05T12:18:52","date_gmt":"2026-09-05T10:18:52","guid":{"rendered":"https:\/\/compagnie-aller-vers.com\/?p=1752"},"modified":"2026-09-05T12:30:07","modified_gmt":"2026-09-05T10:30:07","slug":"stage-ci-spectacle-bize","status":"publish","type":"post","link":"https:\/\/compagnie-aller-vers.com\/?p=1752","title":{"rendered":"Stage &#038; Spectacle CI Automne"},"content":{"rendered":"\n<figure class=\"wp-block-image size-full\"><img loading=\"lazy\" width=\"765\" height=\"1024\" src=\"https:\/\/compagnie-aller-vers.com\/wp-content\/uploads\/2026\/09\/33e0392e-68d3-4702-9393-189c17a9d8eb.jpeg\" alt=\"\" class=\"wp-image-1759\" srcset=\"https:\/\/compagnie-aller-vers.com\/wp-content\/uploads\/2026\/09\/33e0392e-68d3-4702-9393-189c17a9d8eb.jpeg 765w, https:\/\/compagnie-aller-vers.com\/wp-content\/uploads\/2026\/09\/33e0392e-68d3-4702-9393-189c17a9d8eb-224x300.jpeg 224w\" sizes=\"(max-width: 765px) 100vw, 765px\" \/><\/figure>\n\n\n\n<p class=\"has-text-align-center has-medium-font-size\"><strong><a href=\"https:\/\/compagnie-aller-vers.com\/?page_id=137\" data-type=\"page\" data-id=\"137\">CE QUE NOS PEAUX ONT A SE DIRE<\/a> &#8211;<\/strong> <em>Contact improvisation, po\u00e9sie et musique<\/em><\/p>\n\n\n\n<p class=\"has-text-align-center\" style=\"font-size:21px\">avec <a href=\"https:\/\/compagnie-aller-vers.com\/?page_id=216\" data-type=\"page\" data-id=\"216\">Marjorie Gouzy<\/a>, <a href=\"https:\/\/compagnie-aller-vers.com\/?page_id=706\" data-type=\"page\" data-id=\"706\">Gabriel M\u00e9lendez-Nebot<\/a> et <a href=\"https:\/\/compagnie-aller-vers.com\/?page_id=927\" data-type=\"page\" data-id=\"927\">Adrien Nuguet<\/a><br>10 et 11 Octobre 2026<br>\u00e0 11120 Bize Minervois, Salle des f\u00eates, avenue de l\u2019Amiral Narbonne<\/p>\n\n\n\n<p>Ce stage propose un voyage dans la pratique du contact improvisation accompagn\u00e9 par deux passeur-euses\/ danseur-euses, Marjorie et Gabriel et un musicien, Adrien. La proposition est de plonger dans l\u2019exploration sensible des corps en mouvements, dans l\u2019\u00e9coute des gestes et des mots pour tisser une exp\u00e9rience collective.<\/p>\n\n\n\n<p>Ici le terreau est notre recherche sc\u00e9nique \u00ab Ce que nos peaux ont \u00e0 se dire \u00bb. Notre partage prend appui sur les mati\u00e8res de danse qui ont immerg\u00e9 lors de nos r\u00e9sidences de cr\u00e9ation et qui jalonne notre spectacle. Nous partagerons le fruit de nos recherche pour vous inviter \u00e0 aller explorer des danses et des danses et des danses.<\/p>\n\n\n\n<p>Stage ouvert \u00e0 tous-tes !<\/p>\n\n\n\n<h2>Horaires<\/h2>\n\n\n\n<p><strong>Samedi 10 octobre<\/strong><\/p>\n\n\n\n<ul><li>14h : Accueil<\/li><li>14h30 \u2013 17h30 : Stage<\/li><li>21h \u2013 23h : Soir\u00e9e Spectacle \u00ab Ce que nos peaux ont \u00e0 se dire \u00bb + Jam<\/li><\/ul>\n\n\n\n<p>Soir\u00e9e ouverte<\/p>\n\n\n\n<p><strong>Dimanche 11 octobre<\/strong><\/p>\n\n\n\n<ul><li>10h \u2013 13h \/ 15h \u2013 17h : Stage<\/li><\/ul>\n\n\n\n<h2>Tarifs &amp; Inscription<\/h2>\n\n\n\n<p><strong>115\u20ac Tarif plein\/ 110\u20ac R\u00e9duit\/ 120\u20ac Soutien<\/strong><\/p>\n\n\n\n<p>Le tarif comprend le stage et la soir\u00e9e spectacle.<\/p>\n\n\n\n<div class=\"wp-block-buttons is-content-justification-center\">\n<div class=\"wp-block-button has-custom-font-size is-style-outline has-medium-font-size\"><a class=\"wp-block-button__link has-white-color has-vivid-cyan-blue-background-color has-text-color has-background\" href=\"https:\/\/www.helloasso.com\/associations\/compagnie-aller-vers\/evenements\/stage-spectacle-ce-que-nos-peaux-ont-a-se-dire\" target=\"_blank\" rel=\"noreferrer noopener\"><strong>Inscription sur Helloasso<\/strong><\/a><\/div>\n<\/div>\n\n\n\n<p class=\"has-text-align-center\">Sur Helloasso avec le r\u00e8glement des arrhes : 55\u20ac<\/p>\n\n\n\n<h2>H\u00e9bergement<\/h2>\n\n\n\n<p class=\"has-medium-font-size\">Camping Olivigne<br>chemin de Saint Michel, lieudit \u00ab Les pr\u00e8s \u00bb<br>11120 Bize-Minervois<\/p>\n\n\n\n<p>Emplacement \u00e0 partager de 1 \u00e0 6 personnes et location mobil home.<\/p>\n\n\n\n<p>Les personnes souhaitant \u00eatre h\u00e9berg\u00e9es au camping seront mises en lien pour partager un emplacement de camping ou un mobil home.<\/p>\n","protected":false},"excerpt":{"rendered":"<p>CE QUE NOS PEAUX ONT A SE DIRE &#8211; Contact improvisation, po\u00e9sie et musique avec Marjorie Gouzy, Gabriel M\u00e9lendez-Nebot et Adrien Nuguet10<\/p>\n<p class=\"link-more\"><a class=\"myButt \" href=\"https:\/\/compagnie-aller-vers.com\/?p=1752\">Lire plus &#8230;<\/a><\/p>\n","protected":false},"author":1,"featured_media":0,"comment_status":"closed","ping_status":"open","sticky":false,"template":"","format":"standard","meta":[],"categories":[6,11,5,7],"tags":[],"_links":{"self":[{"href":"https:\/\/compagnie-aller-vers.com\/index.php?rest_route=\/wp\/v2\/posts\/1752"}],"collection":[{"href":"https:\/\/compagnie-aller-vers.com\/index.php?rest_route=\/wp\/v2\/posts"}],"about":[{"href":"https:\/\/compagnie-aller-vers.com\/index.php?rest_route=\/wp\/v2\/types\/post"}],"author":[{"embeddable":true,"href":"https:\/\/compagnie-aller-vers.com\/index.php?rest_route=\/wp\/v2\/users\/1"}],"replies":[{"embeddable":true,"href":"https:\/\/compagnie-aller-vers.com\/index.php?rest_route=%2Fwp%2Fv2%2Fcomments&post=1752"}],"version-history":[{"count":7,"href":"https:\/\/compagnie-aller-vers.com\/index.php?rest_route=\/wp\/v2\/posts\/1752\/revisions"}],"predecessor-version":[{"id":1762,"href":"https:\/\/compagnie-aller-vers.com\/index.php?rest_route=\/wp\/v2\/posts\/1752\/revisions\/1762"}],"wp:attachment":[{"href":"https:\/\/compagnie-aller-vers.com\/index.php?rest_route=%2Fwp%2Fv2%2Fmedia&parent=1752"}],"wp:term":[{"taxonomy":"category","embeddable":true,"href":"https:\/\/compagnie-aller-vers.com\/index.php?rest_route=%2Fwp%2Fv2%2Fcategories&post=1752"},{"taxonomy":"post_tag","embeddable":true,"href":"https:\/\/compagnie-aller-vers.com\/index.php?rest_route=%2Fwp%2Fv2%2Ftags&post=1752"}],"curies":[{"name":"wp","href":"https:\/\/api.w.org\/{rel}","templated":true}]}}