{"id":1093,"date":"2025-01-17T19:59:47","date_gmt":"2025-01-17T18:59:47","guid":{"rendered":"https:\/\/compagnie-aller-vers.com\/?p=1093"},"modified":"2025-04-21T22:07:07","modified_gmt":"2025-04-21T20:07:07","slug":"residence-au-theatre-jerome-savary","status":"publish","type":"post","link":"https:\/\/compagnie-aller-vers.com\/?p=1093","title":{"rendered":"Sortie au Th\u00e9\u00e2tre J\u00e9r\u00f4me Savary"},"content":{"rendered":"\n<div class=\"wp-block-columns\">\n<div class=\"wp-block-column\">\n<figure class=\"wp-block-image size-large\"><img loading=\"lazy\" width=\"1024\" height=\"638\" src=\"https:\/\/compagnie-aller-vers.com\/wp-content\/uploads\/2024\/09\/CQNPOASD_222222-edited-1-1024x638.jpg\" alt=\"\" class=\"wp-image-1077\" srcset=\"https:\/\/compagnie-aller-vers.com\/wp-content\/uploads\/2024\/09\/CQNPOASD_222222-edited-1-1024x638.jpg 1024w, https:\/\/compagnie-aller-vers.com\/wp-content\/uploads\/2024\/09\/CQNPOASD_222222-edited-1-300x187.jpg 300w, https:\/\/compagnie-aller-vers.com\/wp-content\/uploads\/2024\/09\/CQNPOASD_222222-edited-1-768x479.jpg 768w, https:\/\/compagnie-aller-vers.com\/wp-content\/uploads\/2024\/09\/CQNPOASD_222222-edited-1.jpg 1227w\" sizes=\"(max-width: 1024px) 100vw, 1024px\" \/><\/figure>\n<\/div>\n\n\n\n<div class=\"wp-block-column\">\n<p> <\/p>\n\n\n\n<br>\n\n\n\n<p> <em>R\u00e9sidence de cr\u00e9ation avec <a href=\"https:\/\/compagnie-aller-vers.com\/?page_id=216\" data-type=\"page\" data-id=\"216\">Marjorie Gouzy<\/a>, <a href=\"https:\/\/compagnie-aller-vers.com\/?page_id=706\" data-type=\"page\" data-id=\"706\">Gabriel Melendez-Nebot<\/a> et <a href=\"https:\/\/compagnie-aller-vers.com\/?page_id=927\" data-type=\"page\" data-id=\"927\">Adrien Nuguet<\/a> \u00e0 Villeneuve-l\u00e8s-Maguelone du 29\/01\/2025 au 31\/01\/2025.<\/em><\/p>\n\n\n\n<br>\n\n\n\n<br>\n\n\n\n<br>\n\n\n\n<div class=\"wp-block-buttons is-content-justification-center\">\n<div class=\"wp-block-button is-style-outline\"><a class=\"wp-block-button__link has-white-color has-vivid-cyan-blue-background-color has-text-color has-background\" href=\"https:\/\/compagnie-aller-vers.com\/wp-content\/uploads\/2024\/01\/DossierCQNPOASD.pdf\" target=\"_blank\" rel=\"noreferrer noopener\">Dossier de pr\u00e9sentation<\/a><\/div>\n<\/div>\n<\/div>\n<\/div>\n\n\n\n<div class=\"wp-block-columns alignwide are-vertically-aligned-center\">\n<div class=\"wp-block-column is-vertically-aligned-center\" style=\"flex-basis:50%\">\n<figure class=\"wp-block-image size-large\"><a href=\"https:\/\/compagnie-aller-vers.com\/wp-content\/uploads\/2025\/01\/20241024-DAN_8159-scaled.jpg\"><img loading=\"lazy\" width=\"683\" height=\"1024\" src=\"https:\/\/compagnie-aller-vers.com\/wp-content\/uploads\/2025\/01\/20241024-DAN_8159-683x1024.jpg\" alt=\"\" class=\"wp-image-1094\" srcset=\"https:\/\/compagnie-aller-vers.com\/wp-content\/uploads\/2025\/01\/20241024-DAN_8159-683x1024.jpg 683w, https:\/\/compagnie-aller-vers.com\/wp-content\/uploads\/2025\/01\/20241024-DAN_8159-200x300.jpg 200w, https:\/\/compagnie-aller-vers.com\/wp-content\/uploads\/2025\/01\/20241024-DAN_8159-768x1152.jpg 768w, https:\/\/compagnie-aller-vers.com\/wp-content\/uploads\/2025\/01\/20241024-DAN_8159-1024x1536.jpg 1024w, https:\/\/compagnie-aller-vers.com\/wp-content\/uploads\/2025\/01\/20241024-DAN_8159-1365x2048.jpg 1365w, https:\/\/compagnie-aller-vers.com\/wp-content\/uploads\/2025\/01\/20241024-DAN_8159-scaled.jpg 1707w\" sizes=\"(max-width: 683px) 100vw, 683px\" \/><\/a><\/figure>\n<\/div>\n\n\n\n<div class=\"wp-block-column is-vertically-aligned-center\" style=\"flex-basis:50%\">\n<blockquote class=\"wp-block-quote is-style-default\"><p><em>\u00ab Deux danseurs et un musicien-po\u00e8te sur une partition avec laquelle nous convoquons les \u00e9tats de corps de l&rsquo;improvisation pour nous rencontrer dans la tension du pr\u00e9sent.<\/em><\/p><p><em>Notre questionnement interroge ce que nous sommes, comment nous nous mettons en mouvement et comment nous pouvons nous relier aux autres et au vivant.<\/em><\/p><p><em>Qu&rsquo;est que peut la danse ? Quelles sont nos ressources pour agir et pour \u00eatre ? Comment le lien \u00e0 soi, \u00e0 l&rsquo;autre et \u00e0 l&rsquo;invisible sont des soutiens pour exister et pour cheminer ? Qu&rsquo;est <strong>ce que nos peaux ont \u00e0 se dire<\/strong> ?<\/em><\/p><p><em>Notre partition prend appuie sur le contact improvisation.&nbsp;N\u00e9e en 1972 et initi\u00e9e par Steve Paxton, le contact improvisation est une pratique de danse qui donne des outils pour improviser en contact, \u00e0 l&rsquo;\u00e9coute des corps. Les danseurs font \u00e9merger le mouvement en suivant le point de contact. \u00bb<\/em> <\/p><cite><a href=\"https:\/\/compagnie-aller-vers.com\/?page_id=216\" data-type=\"page\" data-id=\"216\">Marjorie Gouzy<\/a><\/cite><\/blockquote>\n\n\n\n<br>\n<\/div>\n<\/div>\n\n\n\n<hr class=\"wp-block-separator\"\/>\n\n\n\n<p class=\"has-text-align-center\" style=\"font-size:25px\">Merci au <strong>Th\u00e9\u00e2tre J\u00e9r\u00f4me Savary<\/strong> de nous accueillir en r\u00e9sidence<br>et d&rsquo;ouvrir ses portes le <strong>vendredi 31 janvier<\/strong> \u00e0<strong>&nbsp;17h<\/strong><\/p>\n\n\n\n<p class=\"has-text-align-center has-medium-font-size\">Entr\u00e9e Libre &#8211; Dur\u00e9e 35 min.<\/p>\n\n\n\n<br>\n\n\n\n<hr class=\"wp-block-separator\"\/>\n\n\n\n<div class=\"wp-block-image\"><figure class=\"aligncenter size-full is-resized\"><img loading=\"lazy\" src=\"https:\/\/compagnie-aller-vers.com\/wp-content\/uploads\/2023\/09\/logo-VLM.png\" alt=\"\" class=\"wp-image-566\" width=\"83\" height=\"128\"\/><\/figure><\/div>\n\n\n\n<figure class=\"wp-block-gallery columns-2\"><ul class=\"blocks-gallery-grid\"><li class=\"blocks-gallery-item\"><figure><a href=\"https:\/\/compagnie-aller-vers.com\/wp-content\/uploads\/2025\/01\/20241024-DAN_8097-Moyen.jpg\"><img loading=\"lazy\" width=\"1024\" height=\"683\" src=\"https:\/\/compagnie-aller-vers.com\/wp-content\/uploads\/2025\/01\/20241024-DAN_8097-Moyen-1024x683.jpg\" alt=\"\" data-id=\"1105\" data-full-url=\"https:\/\/compagnie-aller-vers.com\/wp-content\/uploads\/2025\/01\/20241024-DAN_8097-Moyen.jpg\" data-link=\"https:\/\/compagnie-aller-vers.com\/?attachment_id=1105\" class=\"wp-image-1105\" srcset=\"https:\/\/compagnie-aller-vers.com\/wp-content\/uploads\/2025\/01\/20241024-DAN_8097-Moyen-1024x683.jpg 1024w, https:\/\/compagnie-aller-vers.com\/wp-content\/uploads\/2025\/01\/20241024-DAN_8097-Moyen-300x200.jpg 300w, https:\/\/compagnie-aller-vers.com\/wp-content\/uploads\/2025\/01\/20241024-DAN_8097-Moyen-768x512.jpg 768w, https:\/\/compagnie-aller-vers.com\/wp-content\/uploads\/2025\/01\/20241024-DAN_8097-Moyen.jpg 1152w\" sizes=\"(max-width: 1024px) 100vw, 1024px\" \/><\/a><\/figure><\/li><li class=\"blocks-gallery-item\"><figure><a href=\"https:\/\/compagnie-aller-vers.com\/wp-content\/uploads\/2025\/01\/20241024-DAN_8129-Moyen.jpg\"><img loading=\"lazy\" width=\"1024\" height=\"683\" src=\"https:\/\/compagnie-aller-vers.com\/wp-content\/uploads\/2025\/01\/20241024-DAN_8129-Moyen-1024x683.jpg\" alt=\"\" data-id=\"1107\" data-full-url=\"https:\/\/compagnie-aller-vers.com\/wp-content\/uploads\/2025\/01\/20241024-DAN_8129-Moyen.jpg\" data-link=\"https:\/\/compagnie-aller-vers.com\/?attachment_id=1107\" class=\"wp-image-1107\" srcset=\"https:\/\/compagnie-aller-vers.com\/wp-content\/uploads\/2025\/01\/20241024-DAN_8129-Moyen-1024x683.jpg 1024w, https:\/\/compagnie-aller-vers.com\/wp-content\/uploads\/2025\/01\/20241024-DAN_8129-Moyen-300x200.jpg 300w, https:\/\/compagnie-aller-vers.com\/wp-content\/uploads\/2025\/01\/20241024-DAN_8129-Moyen-768x512.jpg 768w, https:\/\/compagnie-aller-vers.com\/wp-content\/uploads\/2025\/01\/20241024-DAN_8129-Moyen.jpg 1152w\" sizes=\"(max-width: 1024px) 100vw, 1024px\" \/><\/a><\/figure><\/li><li class=\"blocks-gallery-item\"><figure><a href=\"https:\/\/compagnie-aller-vers.com\/wp-content\/uploads\/2025\/01\/20241024-PAU_8541-2-Moyen-e1737144104950.jpg\"><img loading=\"lazy\" width=\"683\" height=\"1024\" src=\"https:\/\/compagnie-aller-vers.com\/wp-content\/uploads\/2025\/01\/20241024-PAU_8541-2-Moyen-e1737144104950-683x1024.jpg\" alt=\"\" data-id=\"1132\" data-full-url=\"https:\/\/compagnie-aller-vers.com\/wp-content\/uploads\/2025\/01\/20241024-PAU_8541-2-Moyen-e1737144104950.jpg\" data-link=\"https:\/\/compagnie-aller-vers.com\/?attachment_id=1132\" class=\"wp-image-1132\" srcset=\"https:\/\/compagnie-aller-vers.com\/wp-content\/uploads\/2025\/01\/20241024-PAU_8541-2-Moyen-e1737144104950-683x1024.jpg 683w, https:\/\/compagnie-aller-vers.com\/wp-content\/uploads\/2025\/01\/20241024-PAU_8541-2-Moyen-e1737144104950-200x300.jpg 200w, https:\/\/compagnie-aller-vers.com\/wp-content\/uploads\/2025\/01\/20241024-PAU_8541-2-Moyen-e1737144104950.jpg 768w\" sizes=\"(max-width: 683px) 100vw, 683px\" \/><\/a><\/figure><\/li><li class=\"blocks-gallery-item\"><figure><a href=\"https:\/\/compagnie-aller-vers.com\/wp-content\/uploads\/2025\/01\/20241024-DAN_8111-Moyen.jpg\"><img loading=\"lazy\" width=\"683\" height=\"1024\" src=\"https:\/\/compagnie-aller-vers.com\/wp-content\/uploads\/2025\/01\/20241024-DAN_8111-Moyen-683x1024.jpg\" alt=\"\" data-id=\"1106\" data-full-url=\"https:\/\/compagnie-aller-vers.com\/wp-content\/uploads\/2025\/01\/20241024-DAN_8111-Moyen.jpg\" data-link=\"https:\/\/compagnie-aller-vers.com\/?attachment_id=1106\" class=\"wp-image-1106\" srcset=\"https:\/\/compagnie-aller-vers.com\/wp-content\/uploads\/2025\/01\/20241024-DAN_8111-Moyen-683x1024.jpg 683w, https:\/\/compagnie-aller-vers.com\/wp-content\/uploads\/2025\/01\/20241024-DAN_8111-Moyen-200x300.jpg 200w, https:\/\/compagnie-aller-vers.com\/wp-content\/uploads\/2025\/01\/20241024-DAN_8111-Moyen.jpg 768w\" sizes=\"(max-width: 683px) 100vw, 683px\" \/><\/a><\/figure><\/li><li class=\"blocks-gallery-item\"><figure><a href=\"https:\/\/compagnie-aller-vers.com\/wp-content\/uploads\/2025\/01\/20241024-DAN_8135-Moyen.jpg\"><img loading=\"lazy\" width=\"1024\" height=\"683\" src=\"https:\/\/compagnie-aller-vers.com\/wp-content\/uploads\/2025\/01\/20241024-DAN_8135-Moyen-1024x683.jpg\" alt=\"\" data-id=\"1127\" data-full-url=\"https:\/\/compagnie-aller-vers.com\/wp-content\/uploads\/2025\/01\/20241024-DAN_8135-Moyen.jpg\" data-link=\"https:\/\/compagnie-aller-vers.com\/?attachment_id=1127\" class=\"wp-image-1127\" srcset=\"https:\/\/compagnie-aller-vers.com\/wp-content\/uploads\/2025\/01\/20241024-DAN_8135-Moyen-1024x683.jpg 1024w, https:\/\/compagnie-aller-vers.com\/wp-content\/uploads\/2025\/01\/20241024-DAN_8135-Moyen-300x200.jpg 300w, https:\/\/compagnie-aller-vers.com\/wp-content\/uploads\/2025\/01\/20241024-DAN_8135-Moyen-768x512.jpg 768w, https:\/\/compagnie-aller-vers.com\/wp-content\/uploads\/2025\/01\/20241024-DAN_8135-Moyen.jpg 1152w\" sizes=\"(max-width: 1024px) 100vw, 1024px\" \/><\/a><\/figure><\/li><li class=\"blocks-gallery-item\"><figure><a href=\"https:\/\/compagnie-aller-vers.com\/wp-content\/uploads\/2025\/01\/20241024-DAN_8145-Moyen.jpg\"><img loading=\"lazy\" width=\"1024\" height=\"683\" src=\"https:\/\/compagnie-aller-vers.com\/wp-content\/uploads\/2025\/01\/20241024-DAN_8145-Moyen-1024x683.jpg\" alt=\"\" data-id=\"1128\" data-full-url=\"https:\/\/compagnie-aller-vers.com\/wp-content\/uploads\/2025\/01\/20241024-DAN_8145-Moyen.jpg\" data-link=\"https:\/\/compagnie-aller-vers.com\/?attachment_id=1128\" class=\"wp-image-1128\" srcset=\"https:\/\/compagnie-aller-vers.com\/wp-content\/uploads\/2025\/01\/20241024-DAN_8145-Moyen-1024x683.jpg 1024w, https:\/\/compagnie-aller-vers.com\/wp-content\/uploads\/2025\/01\/20241024-DAN_8145-Moyen-300x200.jpg 300w, https:\/\/compagnie-aller-vers.com\/wp-content\/uploads\/2025\/01\/20241024-DAN_8145-Moyen-768x512.jpg 768w, https:\/\/compagnie-aller-vers.com\/wp-content\/uploads\/2025\/01\/20241024-DAN_8145-Moyen.jpg 1152w\" sizes=\"(max-width: 1024px) 100vw, 1024px\" \/><\/a><\/figure><\/li><\/ul><\/figure>\n\n\n\n<figure class=\"wp-block-embed is-type-video is-provider-youtube wp-block-embed-youtube wp-embed-aspect-16-9 wp-has-aspect-ratio\"><div class=\"wp-block-embed__wrapper\">\n<iframe loading=\"lazy\" title=\"CE QUE NOS PEAUX ONT A SE DIRE - Teaser\" width=\"640\" height=\"360\" src=\"https:\/\/www.youtube.com\/embed\/ixgi-U2TsGM?feature=oembed\" frameborder=\"0\" allow=\"accelerometer; autoplay; clipboard-write; encrypted-media; gyroscope; picture-in-picture; web-share\" referrerpolicy=\"strict-origin-when-cross-origin\" allowfullscreen><\/iframe>\n<\/div><\/figure>\n","protected":false},"excerpt":{"rendered":"<p>R\u00e9sidence de cr\u00e9ation avec Marjorie Gouzy, Gabriel Melendez-Nebot et Adrien Nuguet \u00e0 Villeneuve-l\u00e8s-Maguelone du 29\/01\/2025 au 31\/01\/2025. \u00ab Deux danseurs et un<\/p>\n<p class=\"link-more\"><a class=\"myButt \" href=\"https:\/\/compagnie-aller-vers.com\/?p=1093\">Lire plus &#8230;<\/a><\/p>\n","protected":false},"author":1,"featured_media":1094,"comment_status":"closed","ping_status":"open","sticky":false,"template":"","format":"standard","meta":[],"categories":[11,9,5],"tags":[],"_links":{"self":[{"href":"https:\/\/compagnie-aller-vers.com\/index.php?rest_route=\/wp\/v2\/posts\/1093"}],"collection":[{"href":"https:\/\/compagnie-aller-vers.com\/index.php?rest_route=\/wp\/v2\/posts"}],"about":[{"href":"https:\/\/compagnie-aller-vers.com\/index.php?rest_route=\/wp\/v2\/types\/post"}],"author":[{"embeddable":true,"href":"https:\/\/compagnie-aller-vers.com\/index.php?rest_route=\/wp\/v2\/users\/1"}],"replies":[{"embeddable":true,"href":"https:\/\/compagnie-aller-vers.com\/index.php?rest_route=%2Fwp%2Fv2%2Fcomments&post=1093"}],"version-history":[{"count":49,"href":"https:\/\/compagnie-aller-vers.com\/index.php?rest_route=\/wp\/v2\/posts\/1093\/revisions"}],"predecessor-version":[{"id":1388,"href":"https:\/\/compagnie-aller-vers.com\/index.php?rest_route=\/wp\/v2\/posts\/1093\/revisions\/1388"}],"wp:featuredmedia":[{"embeddable":true,"href":"https:\/\/compagnie-aller-vers.com\/index.php?rest_route=\/wp\/v2\/media\/1094"}],"wp:attachment":[{"href":"https:\/\/compagnie-aller-vers.com\/index.php?rest_route=%2Fwp%2Fv2%2Fmedia&parent=1093"}],"wp:term":[{"taxonomy":"category","embeddable":true,"href":"https:\/\/compagnie-aller-vers.com\/index.php?rest_route=%2Fwp%2Fv2%2Fcategories&post=1093"},{"taxonomy":"post_tag","embeddable":true,"href":"https:\/\/compagnie-aller-vers.com\/index.php?rest_route=%2Fwp%2Fv2%2Ftags&post=1093"}],"curies":[{"name":"wp","href":"https:\/\/api.w.org\/{rel}","templated":true}]}}